{"id":6440,"date":"2024-02-16T16:10:20","date_gmt":"2024-02-16T15:10:20","guid":{"rendered":"https:\/\/lecercledeseconomistes.fr\/presentation\/membres-et-auteurs\/%cat-member-type%\/pascale-hebel\/"},"modified":"2024-04-16T14:04:43","modified_gmt":"2024-04-16T12:04:43","slug":"pascale-hebel","status":"publish","type":"post-type-member","link":"https:\/\/lecercledeseconomistes.fr\/en\/presentation\/members-and-authors\/authors\/pascale-hebel\/","title":{"rendered":"Pascale H\u00e9bel"},"content":{"rendered":"\n<div class=\"wp-block-group section-content-layout-with-cover is-layout-flow wp-block-group-is-layout-flow\">\n<div class=\"wp-block-columns is-not-stacked-on-mobile container-content-single--post is-layout-flex wp-container-core-columns-is-layout-9d6595d7 wp-block-columns-is-layout-flex\">\n<div class=\"wp-block-column is-layout-flow wp-block-column-is-layout-flow\" style=\"flex-basis:33.33%\"><\/div>\n\n\n\n<div class=\"wp-block-column is-layout-flow wp-block-column-is-layout-flow\" style=\"flex-basis:66.66%\">\n<h2 class=\"wp-block-heading\">Biography<\/h2>\n\n\n\n<div style=\"height:100px\" aria-hidden=\"true\" class=\"wp-block-spacer is-style-spacer-medium\"><\/div>\n\n\n\n<p>A graduate of Agro ParisTech and with a PhD in Statistics, Pascale H\u00e9bel joined C-Ways in May 2022 as Associate Director in charge of Forecasting and Consumer Trends. Throughout her career, she has analysed the evolution of society and more particularly consumption and consumer behaviour from different facets: citizens, buyers and eaters.<\/p>\n<\/div>\n<\/div>\n<\/div>\n","protected":false},"featured_media":5221,"template":"","cat-member-type":[167],"class_list":["post-6440","post-type-member","type-post-type-member","status-publish","has-post-thumbnail","hentry","cat-member-type-authors"],"acf":[],"yoast_head":"<!-- This site is optimized with the Yoast SEO plugin v27.3 - https:\/\/yoast.com\/product\/yoast-seo-wordpress\/ -->\n<title>Pascale H\u00e9bel - Le cercle des \u00e9conomistes<\/title>\n<meta name=\"robots\" content=\"index, follow, max-snippet:-1, max-image-preview:large, max-video-preview:-1\" \/>\n<link rel=\"canonical\" href=\"https:\/\/lecercledeseconomistes.fr\/en\/presentation\/members-and-authors\/authors\/pascale-hebel\/\" \/>\n<meta property=\"og:locale\" content=\"en_US\" \/>\n<meta property=\"og:type\" content=\"article\" \/>\n<meta property=\"og:title\" content=\"Pascale H\u00e9bel - Le cercle des \u00e9conomistes\" \/>\n<meta property=\"og:description\" content=\"Biography A graduate of Agro ParisTech and with a PhD in Statistics, Pascale H\u00e9bel joined C-Ways in May 2022 as Associate Director in charge of Forecasting and Consumer Trends. Throughout her career, she has analysed the evolution of society and more particularly consumption and consumer behaviour from different facets: citizens, buyers and eaters.\" \/>\n<meta property=\"og:url\" content=\"https:\/\/lecercledeseconomistes.fr\/en\/presentation\/members-and-authors\/authors\/pascale-hebel\/\" \/>\n<meta property=\"og:site_name\" content=\"Le cercle des \u00e9conomistes\" \/>\n<meta property=\"article:modified_time\" content=\"2024-04-16T12:04:43+00:00\" \/>\n<meta property=\"og:image\" content=\"https:\/\/lecercledeseconomistes.fr\/wp-content\/uploads\/2024\/02\/cde_pp2.png\" \/>\n\t<meta property=\"og:image:width\" content=\"480\" \/>\n\t<meta property=\"og:image:height\" content=\"640\" \/>\n\t<meta property=\"og:image:type\" content=\"image\/png\" \/>\n<meta name=\"twitter:card\" content=\"summary_large_image\" \/>\n<!-- \/ Yoast SEO plugin. -->","yoast_head_json":{"title":"Pascale H\u00e9bel - Le cercle des \u00e9conomistes","robots":{"index":"index","follow":"follow","max-snippet":"max-snippet:-1","max-image-preview":"max-image-preview:large","max-video-preview":"max-video-preview:-1"},"canonical":"https:\/\/lecercledeseconomistes.fr\/en\/presentation\/members-and-authors\/authors\/pascale-hebel\/","og_locale":"en_US","og_type":"article","og_title":"Pascale H\u00e9bel - Le cercle des \u00e9conomistes","og_description":"Biography A graduate of Agro ParisTech and with a PhD in Statistics, Pascale H\u00e9bel joined C-Ways in May 2022 as Associate Director in charge of Forecasting and Consumer Trends. Throughout her career, she has analysed the evolution of society and more particularly consumption and consumer behaviour from different facets: citizens, buyers and eaters.","og_url":"https:\/\/lecercledeseconomistes.fr\/en\/presentation\/members-and-authors\/authors\/pascale-hebel\/","og_site_name":"Le cercle des \u00e9conomistes","article_modified_time":"2024-04-16T12:04:43+00:00","og_image":[{"width":480,"height":640,"url":"https:\/\/lecercledeseconomistes.fr\/wp-content\/uploads\/2024\/02\/cde_pp2.png","type":"image\/png"}],"twitter_card":"summary_large_image","schema":{"@context":"https:\/\/schema.org","@graph":[{"@type":"WebPage","@id":"https:\/\/lecercledeseconomistes.fr\/en\/presentation\/members-and-authors\/authors\/pascale-hebel\/","url":"https:\/\/lecercledeseconomistes.fr\/en\/presentation\/members-and-authors\/authors\/pascale-hebel\/","name":"Pascale H\u00e9bel - Le cercle des \u00e9conomistes","isPartOf":{"@id":"https:\/\/lecercledeseconomistes.fr\/en\/#website"},"primaryImageOfPage":{"@id":"https:\/\/lecercledeseconomistes.fr\/en\/presentation\/members-and-authors\/authors\/pascale-hebel\/#primaryimage"},"image":{"@id":"https:\/\/lecercledeseconomistes.fr\/en\/presentation\/members-and-authors\/authors\/pascale-hebel\/#primaryimage"},"thumbnailUrl":"https:\/\/lecercledeseconomistes.fr\/wp-content\/uploads\/2024\/02\/cde_pp2.png","datePublished":"2024-02-16T15:10:20+00:00","dateModified":"2024-04-16T12:04:43+00:00","breadcrumb":{"@id":"https:\/\/lecercledeseconomistes.fr\/en\/presentation\/members-and-authors\/authors\/pascale-hebel\/#breadcrumb"},"inLanguage":"en-US","potentialAction":[{"@type":"ReadAction","target":["https:\/\/lecercledeseconomistes.fr\/en\/presentation\/members-and-authors\/authors\/pascale-hebel\/"]}]},{"@type":"ImageObject","inLanguage":"en-US","@id":"https:\/\/lecercledeseconomistes.fr\/en\/presentation\/members-and-authors\/authors\/pascale-hebel\/#primaryimage","url":"https:\/\/lecercledeseconomistes.fr\/wp-content\/uploads\/2024\/02\/cde_pp2.png","contentUrl":"https:\/\/lecercledeseconomistes.fr\/wp-content\/uploads\/2024\/02\/cde_pp2.png","width":480,"height":640},{"@type":"BreadcrumbList","@id":"https:\/\/lecercledeseconomistes.fr\/en\/presentation\/members-and-authors\/authors\/pascale-hebel\/#breadcrumb","itemListElement":[{"@type":"ListItem","position":1,"name":"Home","item":"https:\/\/lecercledeseconomistes.fr\/en\/home\/"},{"@type":"ListItem","position":2,"name":"Pascale H\u00e9bel"}]},{"@type":"WebSite","@id":"https:\/\/lecercledeseconomistes.fr\/en\/#website","url":"https:\/\/lecercledeseconomistes.fr\/en\/","name":"Le cercle des \u00e9conomistes","description":"","publisher":{"@id":"https:\/\/lecercledeseconomistes.fr\/en\/#organization"},"potentialAction":[{"@type":"SearchAction","target":{"@type":"EntryPoint","urlTemplate":"https:\/\/lecercledeseconomistes.fr\/en\/?s={search_term_string}"},"query-input":{"@type":"PropertyValueSpecification","valueRequired":true,"valueName":"search_term_string"}}],"inLanguage":"en-US"},{"@type":"Organization","@id":"https:\/\/lecercledeseconomistes.fr\/en\/#organization","name":"Le cercle des \u00e9conomistes","url":"https:\/\/lecercledeseconomistes.fr\/en\/","logo":{"@type":"ImageObject","inLanguage":"en-US","@id":"https:\/\/lecercledeseconomistes.fr\/en\/#\/schema\/logo\/image\/","url":"https:\/\/lecercledeseconomistes.fr\/wp-content\/uploads\/2023\/08\/logo.svg","contentUrl":"https:\/\/lecercledeseconomistes.fr\/wp-content\/uploads\/2023\/08\/logo.svg","width":1,"height":1,"caption":"Le cercle des \u00e9conomistes"},"image":{"@id":"https:\/\/lecercledeseconomistes.fr\/en\/#\/schema\/logo\/image\/"}}]}},"_links":{"self":[{"href":"https:\/\/lecercledeseconomistes.fr\/en\/wp-json\/wp\/v2\/post-type-member\/6440","targetHints":{"allow":["GET"]}}],"collection":[{"href":"https:\/\/lecercledeseconomistes.fr\/en\/wp-json\/wp\/v2\/post-type-member"}],"about":[{"href":"https:\/\/lecercledeseconomistes.fr\/en\/wp-json\/wp\/v2\/types\/post-type-member"}],"wp:featuredmedia":[{"embeddable":true,"href":"https:\/\/lecercledeseconomistes.fr\/en\/wp-json\/wp\/v2\/media\/5221"}],"wp:attachment":[{"href":"https:\/\/lecercledeseconomistes.fr\/en\/wp-json\/wp\/v2\/media?parent=6440"}],"wp:term":[{"taxonomy":"cat-member-type","embeddable":true,"href":"https:\/\/lecercledeseconomistes.fr\/en\/wp-json\/wp\/v2\/cat-member-type?post=6440"}],"curies":[{"name":"wp","href":"https:\/\/api.w.org\/{rel}","templated":true}]}}